{"id":547,"date":"2026-04-27T20:31:32","date_gmt":"2026-04-27T18:31:32","guid":{"rendered":"https:\/\/odborynm.cz\/?p=547"},"modified":"2026-04-27T20:35:36","modified_gmt":"2026-04-27T18:35:36","slug":"zakladni-odborova-organizace-v-narodnim-muzeu-vyjadruje-podporu-odborovym-organizacim-ceske-televize-a-ceskeho-rozhlasu","status":"publish","type":"post","link":"https:\/\/odborynm.cz\/?p=547","title":{"rendered":"Z\u00e1kladn\u00ed odborov\u00e1 organizace v N\u00e1rodn\u00edm muzeu vyjad\u0159uje podporu odborov\u00fdm organizac\u00edm \u010cesk\u00e9 televize a \u010cesk\u00e9ho rozhlasu"},"content":{"rendered":"\n<p>Z\u00e1kladn\u00ed odborov\u00e1 organizace v N\u00e1rodn\u00edm muzeu vyjad\u0159uje plnou podporu odborov\u00fdm organizac\u00edm a zam\u011bstnanc\u016fm \u010cesk\u00e9 televize a \u010cesk\u00e9ho rozhlasu v jejich st\u00e1vkov\u00e9 pohotovosti.<\/p>\n\n\n\n<p>Jako z\u00e1stupci zam\u011bstnanc\u016f ve\u0159ejn\u00e9 instituce si uv\u011bdomujeme, \u017ee nez\u00e1visl\u00e9 a stabiln\u00ed ve\u0159ejnopr\u00e1vn\u00ed instituce jsou jedn\u00edm ze z\u00e1kladn\u00edch pil\u00ed\u0159\u016f demokratick\u00e9 spole\u010dnosti. Stejn\u011b jako kultura, vzd\u011bl\u00e1v\u00e1n\u00ed a p\u00e9\u010de o historickou pam\u011b\u0165 i m\u00e9dia ve\u0159ejn\u00e9 slu\u017eby maj\u00ed nenahraditelnou \u00falohu \u2013 poskytovat ve\u0159ejnosti d\u016fv\u011bryhodn\u00e9, profesion\u00e1ln\u00ed a v\u0161em dostupn\u00e9 informace bez politick\u00fdch \u010di ekonomick\u00fdch tlak\u016f.<\/p>\n\n\n\n<p>Odm\u00edt\u00e1me takov\u00e9 zm\u011bny, kter\u00e9 by oslabovaly nez\u00e1vislost \u010cesk\u00e9 televize a \u010cesk\u00e9ho rozhlasu, zvy\u0161ovaly jejich finan\u010dn\u00ed nejistotu nebo vytv\u00e1\u0159ely prostor pro z\u00e1sahy do jejich ve\u0159ejn\u00e9 slu\u017eby. Jsme p\u0159esv\u011bd\u010deni, \u017ee financov\u00e1n\u00ed i pr\u00e1vn\u00ed r\u00e1mec ve\u0159ejnopr\u00e1vn\u00edch m\u00e9di\u00ed mus\u00ed b\u00fdt nastaveny tak, aby chr\u00e1nily jejich redak\u010dn\u00ed autonomii, dlouhodobou stabilitu a schopnost slou\u017eit cel\u00e9 spole\u010dnosti.<\/p>\n\n\n\n<p>Vyjad\u0159ujeme solidaritu v\u0161em zam\u011bstnankyn\u00edm a zam\u011bstnanc\u016fm \u010cesk\u00e9 televize a \u010cesk\u00e9ho rozhlasu, kte\u0159\u00ed h\u00e1j\u00ed nejen sv\u00e9 pracovn\u00ed podm\u00ednky, ale tak\u00e9 princip nez\u00e1visl\u00e9 ve\u0159ejn\u00e9 slu\u017eby. Obrana ve\u0159ejnopr\u00e1vn\u00edch m\u00e9di\u00ed nen\u00ed jen z\u00e1le\u017eitost\u00ed jejich pracovn\u00edk\u016f; je to v\u011bc cel\u00e9 ob\u010dansk\u00e9 spole\u010dnosti.<\/p>\n\n\n\n<p>Vyz\u00fdv\u00e1me proto politickou reprezentaci, aby vedla odbornou a odpov\u011bdnou debatu o budoucnosti m\u00e9di\u00ed ve\u0159ejn\u00e9 slu\u017eby a p\u0159ij\u00edmala pouze takov\u00e1 \u0159e\u0161en\u00ed, kter\u00e1 pos\u00edl\u00ed jejich nez\u00e1vislost, d\u016fv\u011bryhodnost a stabilitu.<\/p>\n","protected":false},"excerpt":{"rendered":"<p>Z\u00e1kladn\u00ed odborov\u00e1 organizace v N\u00e1rodn\u00edm muzeu vyjad\u0159uje plnou podporu odborov\u00fdm organizac\u00edm a zam\u011bstnanc\u016fm \u010cesk\u00e9 televize a \u010cesk\u00e9ho rozhlasu v jejich st\u00e1vkov\u00e9 pohotovosti. Jako z\u00e1stupci zam\u011bstnanc\u016f ve\u0159ejn\u00e9 instituce si uv\u011bdomujeme, \u017ee nez\u00e1visl\u00e9 a stabiln\u00ed ve\u0159ejnopr\u00e1vn\u00ed instituce jsou jedn\u00edm ze z\u00e1kladn\u00edch pil\u00ed\u0159\u016f demokratick\u00e9 spole\u010dnosti. Stejn\u011b jako kultura, vzd\u011bl\u00e1v\u00e1n\u00ed a p\u00e9\u010de o historickou pam\u011b\u0165 i m\u00e9dia ve\u0159ejn\u00e9 slu\u017eby maj\u00ed nenahraditelnou \u00falohu \u2013 poskytovat ve\u0159ejnosti d\u016fv\u011bryhodn\u00e9, profesion\u00e1ln\u00ed a v\u0161em dostupn\u00e9 informace bez politick\u00fdch \u010di ekonomick\u00fdch tlak\u016f. Odm\u00edt\u00e1me takov\u00e9 zm\u011bny, kter\u00e9 by oslabovaly nez\u00e1vislost \u010cesk\u00e9 televize a \u010cesk\u00e9ho rozhlasu, zvy\u0161ovaly jejich finan\u010dn\u00ed nejistotu nebo vytv\u00e1\u0159ely prostor pro z\u00e1sahy do jejich ve\u0159ejn\u00e9 slu\u017eby. Jsme p\u0159esv\u011bd\u010deni, \u017ee financov\u00e1n\u00ed i pr\u00e1vn\u00ed r\u00e1mec ve\u0159ejnopr\u00e1vn\u00edch m\u00e9di\u00ed mus\u00ed b\u00fdt nastaveny tak, aby chr\u00e1nily jejich redak\u010dn\u00ed autonomii, dlouhodobou stabilitu a schopnost slou\u017eit cel\u00e9 spole\u010dnosti. Vyjad\u0159ujeme solidaritu v\u0161em zam\u011bstnankyn\u00edm a zam\u011bstnanc\u016fm \u010cesk\u00e9 televize a \u010cesk\u00e9ho rozhlasu, kte\u0159\u00ed h\u00e1j\u00ed nejen sv\u00e9 pracovn\u00ed podm\u00ednky, ale tak\u00e9 princip nez\u00e1visl\u00e9 ve\u0159ejn\u00e9 slu\u017eby. Obrana ve\u0159ejnopr\u00e1vn\u00edch m\u00e9di\u00ed nen\u00ed jen&hellip;<\/p>\n<p> <a class=\"more-link\" href=\"https:\/\/odborynm.cz\/?p=547\">\u010c\u00edst v\u00edce<\/a><\/p>\n","protected":false},"author":2,"featured_media":551,"comment_status":"open","ping_status":"open","sticky":false,"template":"","format":"standard","meta":{"footnotes":""},"categories":[9,8],"tags":[],"class_list":{"0":"post-547","1":"post","2":"type-post","3":"status-publish","4":"format-standard","5":"has-post-thumbnail","7":"category-protesty","8":"category-tiskove-zpravy"},"_links":{"self":[{"href":"https:\/\/odborynm.cz\/index.php?rest_route=\/wp\/v2\/posts\/547","targetHints":{"allow":["GET"]}}],"collection":[{"href":"https:\/\/odborynm.cz\/index.php?rest_route=\/wp\/v2\/posts"}],"about":[{"href":"https:\/\/odborynm.cz\/index.php?rest_route=\/wp\/v2\/types\/post"}],"author":[{"embeddable":true,"href":"https:\/\/odborynm.cz\/index.php?rest_route=\/wp\/v2\/users\/2"}],"replies":[{"embeddable":true,"href":"https:\/\/odborynm.cz\/index.php?rest_route=%2Fwp%2Fv2%2Fcomments&post=547"}],"version-history":[{"count":1,"href":"https:\/\/odborynm.cz\/index.php?rest_route=\/wp\/v2\/posts\/547\/revisions"}],"predecessor-version":[{"id":548,"href":"https:\/\/odborynm.cz\/index.php?rest_route=\/wp\/v2\/posts\/547\/revisions\/548"}],"wp:featuredmedia":[{"embeddable":true,"href":"https:\/\/odborynm.cz\/index.php?rest_route=\/wp\/v2\/media\/551"}],"wp:attachment":[{"href":"https:\/\/odborynm.cz\/index.php?rest_route=%2Fwp%2Fv2%2Fmedia&parent=547"}],"wp:term":[{"taxonomy":"category","embeddable":true,"href":"https:\/\/odborynm.cz\/index.php?rest_route=%2Fwp%2Fv2%2Fcategories&post=547"},{"taxonomy":"post_tag","embeddable":true,"href":"https:\/\/odborynm.cz\/index.php?rest_route=%2Fwp%2Fv2%2Ftags&post=547"}],"curies":[{"name":"wp","href":"https:\/\/api.w.org\/{rel}","templated":true}]}}