{"id":512,"date":"2023-11-22T19:06:40","date_gmt":"2023-11-22T18:06:40","guid":{"rendered":"https:\/\/odborynm.cz\/?p=512"},"modified":"2023-11-22T19:16:39","modified_gmt":"2023-11-22T18:16:39","slug":"jdeme-do-stavky","status":"publish","type":"post","link":"https:\/\/odborynm.cz\/?p=512","title":{"rendered":"Jdeme do st\u00e1vky!"},"content":{"rendered":"\n<p>Z\u00e1kladn\u00ed odborov\u00e1 organizace Odborov\u00e9ho svazu pracovn\u00edku kultury a ochr\u00e1nc\u016f p\u0159\u00edrody v N\u00e1rodn\u00edm muzeu vyhla\u0161uje na den <strong>27. 11. 2023 <\/strong>hodinovou <strong>v\u00fdstra\u017enou st\u00e1vku<\/strong> od 12:20 do 13:20.<\/p>\n\n\n\n<p>Hlavn\u00edm d\u016fvodem st\u00e1vky je dlouhodob\u011b neut\u011b\u0161en\u00e1 platov\u00e1 situace v rezortu kultury zhor\u0161en\u00e1 dopady infla\u010dn\u00ed krize a stoupaj\u00edc\u00edmi cenami energi\u00ed. <\/p>\n\n\n\n<p>Odbory v N\u00e1rodn\u00edm muzeu t\u00edmto krokem d\u00e1vaj\u00ed najevo sv\u016fj nesouhlas s tzv. konsolida\u010dn\u00edm bal\u00ed\u010dkem, kter\u00fd situaci na\u0161ich zam\u011bstnanc\u016f je\u0161t\u011b zhor\u0161\u00ed. Konkr\u00e9tn\u00ed v\u00fdtky k obsahu &#8222;bal\u00ed\u010dku&#8220; naleznete <a href=\"https:\/\/odborynm.cz\/?p=508\">zde<\/a>.<\/p>\n\n\n\n<p>St\u00e1vka je sou\u010d\u00e1st\u00ed protest\u016f, kter\u00e9 na tento den vyhl\u00e1sila <a href=\"https:\/\/www.cmkos.cz\/cs\/obsah\/219\/video-informace-o-dni-protestu-cmkos-za-lepsi-budoucnost-cr\/334728\" data-type=\"link\" data-id=\"https:\/\/www.cmkos.cz\/cs\/obsah\/219\/video-informace-o-dni-protestu-cmkos-za-lepsi-budoucnost-cr\/334728\">\u010ceskomoravsk\u00e1 konfederace odborov\u00fdch svaz\u016f<\/a>. Odbory NM se zapoj\u00ed do <a href=\"https:\/\/www.cmkos.cz\/cs\/obsah\/219\/demonstrace-27-listopadu\/334663\" data-type=\"link\" data-id=\"https:\/\/www.cmkos.cz\/cs\/obsah\/219\/demonstrace-27-listopadu\/334663\">demonstrace<\/a>, kter\u00e1 startuje ve 12:30 na n\u00e1m\u011bst\u00ed Jana Palacha.<\/p>\n","protected":false},"excerpt":{"rendered":"<p>Z\u00e1kladn\u00ed odborov\u00e1 organizace Odborov\u00e9ho svazu pracovn\u00edku kultury a ochr\u00e1nc\u016f p\u0159\u00edrody v N\u00e1rodn\u00edm muzeu vyhla\u0161uje na den 27. 11. 2023 hodinovou v\u00fdstra\u017enou st\u00e1vku od 12:20 do 13:20. Hlavn\u00edm d\u016fvodem st\u00e1vky je dlouhodob\u011b neut\u011b\u0161en\u00e1 platov\u00e1 situace v rezortu kultury zhor\u0161en\u00e1 dopady infla\u010dn\u00ed krize a stoupaj\u00edc\u00edmi cenami energi\u00ed. Odbory v N\u00e1rodn\u00edm muzeu t\u00edmto krokem d\u00e1vaj\u00ed najevo sv\u016fj nesouhlas s tzv. konsolida\u010dn\u00edm bal\u00ed\u010dkem, kter\u00fd situaci na\u0161ich zam\u011bstnanc\u016f je\u0161t\u011b zhor\u0161\u00ed. Konkr\u00e9tn\u00ed v\u00fdtky k obsahu &#8222;bal\u00ed\u010dku&#8220; naleznete zde. St\u00e1vka je sou\u010d\u00e1st\u00ed protest\u016f, kter\u00e9 na tento den vyhl\u00e1sila \u010ceskomoravsk\u00e1 konfederace odborov\u00fdch svaz\u016f. Odbory NM se zapoj\u00ed do demonstrace, kter\u00e1 startuje ve 12:30 na n\u00e1m\u011bst\u00ed Jana Palacha.<\/p>\n","protected":false},"author":2,"featured_media":513,"comment_status":"open","ping_status":"open","sticky":false,"template":"","format":"standard","meta":{"footnotes":""},"categories":[7,9],"tags":[],"class_list":{"0":"post-512","1":"post","2":"type-post","3":"status-publish","4":"format-standard","5":"has-post-thumbnail","7":"category-odbory-nm","8":"category-protesty"},"_links":{"self":[{"href":"https:\/\/odborynm.cz\/index.php?rest_route=\/wp\/v2\/posts\/512","targetHints":{"allow":["GET"]}}],"collection":[{"href":"https:\/\/odborynm.cz\/index.php?rest_route=\/wp\/v2\/posts"}],"about":[{"href":"https:\/\/odborynm.cz\/index.php?rest_route=\/wp\/v2\/types\/post"}],"author":[{"embeddable":true,"href":"https:\/\/odborynm.cz\/index.php?rest_route=\/wp\/v2\/users\/2"}],"replies":[{"embeddable":true,"href":"https:\/\/odborynm.cz\/index.php?rest_route=%2Fwp%2Fv2%2Fcomments&post=512"}],"version-history":[{"count":2,"href":"https:\/\/odborynm.cz\/index.php?rest_route=\/wp\/v2\/posts\/512\/revisions"}],"predecessor-version":[{"id":516,"href":"https:\/\/odborynm.cz\/index.php?rest_route=\/wp\/v2\/posts\/512\/revisions\/516"}],"wp:featuredmedia":[{"embeddable":true,"href":"https:\/\/odborynm.cz\/index.php?rest_route=\/wp\/v2\/media\/513"}],"wp:attachment":[{"href":"https:\/\/odborynm.cz\/index.php?rest_route=%2Fwp%2Fv2%2Fmedia&parent=512"}],"wp:term":[{"taxonomy":"category","embeddable":true,"href":"https:\/\/odborynm.cz\/index.php?rest_route=%2Fwp%2Fv2%2Fcategories&post=512"},{"taxonomy":"post_tag","embeddable":true,"href":"https:\/\/odborynm.cz\/index.php?rest_route=%2Fwp%2Fv2%2Ftags&post=512"}],"curies":[{"name":"wp","href":"https:\/\/api.w.org\/{rel}","templated":true}]}}