{"id":467,"date":"2023-06-27T12:08:02","date_gmt":"2023-06-27T10:08:02","guid":{"rendered":"https:\/\/odborynm.cz\/?p=467"},"modified":"2023-06-27T12:08:03","modified_gmt":"2023-06-27T10:08:03","slug":"protestni-shromazdeni-zastupcu-zamestnancu-verejne-spravy-a-sluzeb","status":"publish","type":"post","link":"https:\/\/odborynm.cz\/?p=467","title":{"rendered":"Protestn\u00ed shrom\u00e1\u017ed\u011bn\u00ed z\u00e1stupc\u016f zam\u011bstnanc\u016f ve\u0159ejn\u00e9 spr\u00e1vy a slu\u017eeb"},"content":{"rendered":"\n<p>Na m\u00edtinku vystoup\u00ed z\u00e1stupci odborov\u00fdch svaz\u016f a \u010cMKOS, kter\u00e9 jsou ve st\u00e1vkov\u00e9 pohotovosti,<br>v\u010detn\u011b podpory ze strany odborov\u00fdch svaz\u016f p\u016fsob\u00edc\u00edch v priv\u00e1tn\u00edm sektoru. Na z\u00e1v\u011br zazn\u00ed p\u0159ed Hotelem Ol\u0161anka t\u00f3ny Vltavy od Bed\u0159icha Smetany a \u010desk\u00e1 st\u00e1tn\u00ed hymna v pod\u00e1n\u00ed symfonick\u00e9ho orchestru odbor\u00e1\u0159\u016f (po ukon\u010den\u00ed akce kolem 11:30 hod.)<\/p>\n\n\n\n<div data-wp-interactive=\"core\/file\" class=\"wp-block-file\"><object data-wp-bind--hidden=\"!state.hasPdfPreview\" hidden class=\"wp-block-file__embed\" data=\"https:\/\/odborynm.cz\/wp-content\/uploads\/2023\/06\/2023-06-07_Prohlaseni-OS-RoPo-kondolidacni-balicek.pdf\" type=\"application\/pdf\" style=\"width:100%;height:600px\" aria-label=\"Vlo\u017eit z 2023-06-07_Prohlaseni-OS-RoPo-kondolidacni-balicek.\"><\/object><a id=\"wp-block-file--media-0ade85d0-121c-46b8-91ce-d2d422bb936c\" href=\"https:\/\/odborynm.cz\/wp-content\/uploads\/2023\/06\/2023-06-07_Prohlaseni-OS-RoPo-kondolidacni-balicek.pdf\">2023-06-07_Prohlaseni-OS-RoPo-kondolidacni-balicek<\/a><a href=\"https:\/\/odborynm.cz\/wp-content\/uploads\/2023\/06\/2023-06-07_Prohlaseni-OS-RoPo-kondolidacni-balicek.pdf\" class=\"wp-block-file__button wp-element-button\" download aria-describedby=\"wp-block-file--media-0ade85d0-121c-46b8-91ce-d2d422bb936c\">St\u00e1hnout<\/a><\/div>\n","protected":false},"excerpt":{"rendered":"<p>Na m\u00edtinku vystoup\u00ed z\u00e1stupci odborov\u00fdch svaz\u016f a \u010cMKOS, kter\u00e9 jsou ve st\u00e1vkov\u00e9 pohotovosti,v\u010detn\u011b podpory ze strany odborov\u00fdch svaz\u016f p\u016fsob\u00edc\u00edch v priv\u00e1tn\u00edm sektoru. Na z\u00e1v\u011br zazn\u00ed p\u0159ed Hotelem Ol\u0161anka t\u00f3ny Vltavy od Bed\u0159icha Smetany a \u010desk\u00e1 st\u00e1tn\u00ed hymna v pod\u00e1n\u00ed symfonick\u00e9ho orchestru odbor\u00e1\u0159\u016f (po ukon\u010den\u00ed akce kolem 11:30 hod.)<\/p>\n","protected":false},"author":2,"featured_media":401,"comment_status":"open","ping_status":"open","sticky":false,"template":"","format":"standard","meta":{"footnotes":""},"categories":[1],"tags":[],"class_list":{"0":"post-467","1":"post","2":"type-post","3":"status-publish","4":"format-standard","5":"has-post-thumbnail","7":"category-nezarazene"},"_links":{"self":[{"href":"https:\/\/odborynm.cz\/index.php?rest_route=\/wp\/v2\/posts\/467","targetHints":{"allow":["GET"]}}],"collection":[{"href":"https:\/\/odborynm.cz\/index.php?rest_route=\/wp\/v2\/posts"}],"about":[{"href":"https:\/\/odborynm.cz\/index.php?rest_route=\/wp\/v2\/types\/post"}],"author":[{"embeddable":true,"href":"https:\/\/odborynm.cz\/index.php?rest_route=\/wp\/v2\/users\/2"}],"replies":[{"embeddable":true,"href":"https:\/\/odborynm.cz\/index.php?rest_route=%2Fwp%2Fv2%2Fcomments&post=467"}],"version-history":[{"count":1,"href":"https:\/\/odborynm.cz\/index.php?rest_route=\/wp\/v2\/posts\/467\/revisions"}],"predecessor-version":[{"id":469,"href":"https:\/\/odborynm.cz\/index.php?rest_route=\/wp\/v2\/posts\/467\/revisions\/469"}],"wp:featuredmedia":[{"embeddable":true,"href":"https:\/\/odborynm.cz\/index.php?rest_route=\/wp\/v2\/media\/401"}],"wp:attachment":[{"href":"https:\/\/odborynm.cz\/index.php?rest_route=%2Fwp%2Fv2%2Fmedia&parent=467"}],"wp:term":[{"taxonomy":"category","embeddable":true,"href":"https:\/\/odborynm.cz\/index.php?rest_route=%2Fwp%2Fv2%2Fcategories&post=467"},{"taxonomy":"post_tag","embeddable":true,"href":"https:\/\/odborynm.cz\/index.php?rest_route=%2Fwp%2Fv2%2Ftags&post=467"}],"curies":[{"name":"wp","href":"https:\/\/api.w.org\/{rel}","templated":true}]}}